{"id":1,"date":"2026-05-15T08:00:00","date_gmt":"2026-05-15T13:00:00","guid":{"rendered":"https:\/\/sedcarpolarizados.com\/?p=1"},"modified":"2026-06-09T18:20:11","modified_gmt":"2026-06-09T23:20:11","slug":"hola-mundo","status":"publish","type":"post","link":"https:\/\/sedcarpolarizados.com\/index.php\/2026\/05\/15\/hola-mundo\/","title":{"rendered":"\u00bfCu\u00e1ntas horas al a\u00f1o recibe tu piel radiaci\u00f3n solar dentro del carro sin que te des cuenta?"},"content":{"rendered":"\n<p class=\"wp-block-paragraph\">El riesgo que muchos conductores ignoran todos los d\u00edas<\/p>\n\n\n\n<p class=\"wp-block-paragraph\">Cuando pensamos en los efectos del sol sobre nuestra piel, normalmente imaginamos una tarde en la playa, una caminata al aire libre o un d\u00eda de vacaciones. Sin embargo, existe un lugar donde miles de personas reciben radiaci\u00f3n solar durante horas cada semana sin ser plenamente conscientes de ello: el interior de su veh\u00edculo.<\/p>\n\n\n\n<p class=\"wp-block-paragraph\">Para muchos conductores, el autom\u00f3vil es una extensi\u00f3n de su vida diaria. All\u00ed pasan tiempo desplaz\u00e1ndose al trabajo, llevando a sus hijos al colegio, visitando clientes o realizando actividades cotidianas. Lo que pocas personas saben es que, aunque los vidrios del veh\u00edculo generan una sensaci\u00f3n de protecci\u00f3n, gran parte de la radiaci\u00f3n solar sigue atraves\u00e1ndolos y acumulando efectos sobre la piel con el paso del tiempo.<\/p>\n\n\n\n<p class=\"wp-block-paragraph\">La exposici\u00f3n no siempre produce una sensaci\u00f3n inmediata de da\u00f1o. Precisamente por eso representa uno de los riesgos m\u00e1s silenciosos para quienes conducen de manera frecuente.<\/p>\n\n\n\n<h2 class=\"wp-block-heading\">El sol no desaparece cuando cierras la puerta del veh\u00edculo<\/h2>\n\n\n\n<p class=\"wp-block-paragraph\">Existe la creencia de que estar dentro del carro equivale a estar completamente protegido del sol. La realidad es diferente.<\/p>\n\n\n\n<p class=\"wp-block-paragraph\">Los rayos ultravioleta contin\u00faan penetrando a trav\u00e9s de muchos vidrios convencionales. Aunque parte de la radiaci\u00f3n es filtrada, una cantidad importante puede seguir llegando a la piel durante trayectos diarios, especialmente en brazos, rostro, cuello y manos.<\/p>\n\n\n\n<p class=\"wp-block-paragraph\">El problema no es una \u00fanica exposici\u00f3n intensa. El verdadero riesgo est\u00e1 en la acumulaci\u00f3n.<\/p>\n\n\n\n<p class=\"wp-block-paragraph\">Treinta minutos al d\u00eda parecen insignificantes.<\/p>\n\n\n\n<p class=\"wp-block-paragraph\">Una hora diaria parece normal.<\/p>\n\n\n\n<p class=\"wp-block-paragraph\">Pero cuando sumamos meses y a\u00f1os de conducci\u00f3n, la cantidad de radiaci\u00f3n recibida puede ser considerable.<\/p>\n\n\n\n<p class=\"wp-block-paragraph\">La mayor\u00eda de las personas no percibe este proceso porque ocurre de forma gradual y silenciosa.<\/p>\n\n\n\n<h2 class=\"wp-block-heading\">El da\u00f1o acumulativo: cuando el riesgo se construye lentamente<\/h2>\n\n\n\n<p class=\"wp-block-paragraph\">La radiaci\u00f3n solar funciona de manera diferente a otros riesgos visibles.<\/p>\n\n\n\n<p class=\"wp-block-paragraph\">No produce una alarma inmediata.<\/p>\n\n\n\n<p class=\"wp-block-paragraph\">No genera una se\u00f1al evidente cada vez que ocurre.<\/p>\n\n\n\n<p class=\"wp-block-paragraph\">Sin embargo, la exposici\u00f3n constante puede contribuir al envejecimiento prematuro de la piel y aumentar el riesgo de da\u00f1os acumulativos a largo plazo.<\/p>\n\n\n\n<p class=\"wp-block-paragraph\">Por esta raz\u00f3n, los especialistas en prevenci\u00f3n suelen insistir en una idea sencilla:<\/p>\n\n\n\n<p class=\"wp-block-paragraph\">No siempre se trata de protegerse cuando existe un problema, sino de evitar que el problema aparezca.<\/p>\n\n\n\n<p class=\"wp-block-paragraph\">La prevenci\u00f3n es una de las decisiones m\u00e1s inteligentes cuando hablamos de salud.<\/p>\n\n\n\n<h2 class=\"wp-block-heading\">\u00bfCu\u00e1nto tiempo pasas realmente dentro de tu veh\u00edculo?<\/h2>\n\n\n\n<p class=\"wp-block-paragraph\">Hagamos un c\u00e1lculo sencillo.<\/p>\n\n\n\n<p class=\"wp-block-paragraph\">Si una persona conduce aproximadamente una hora al d\u00eda durante cinco d\u00edas a la semana, acumula cerca de:<\/p>\n\n\n\n<ul class=\"wp-block-list\">\n<li>5 horas semanales<\/li>\n\n\n\n<li>20 horas mensuales<\/li>\n\n\n\n<li>M\u00e1s de 240 horas al a\u00f1o<\/li>\n<\/ul>\n\n\n\n<p class=\"wp-block-paragraph\">Ahora pensemos en quienes trabajan conduciendo, visitando clientes o realizando trayectos constantes.<\/p>\n\n\n\n<p class=\"wp-block-paragraph\">La cifra puede duplicarse o incluso triplicarse.<\/p>\n\n\n\n<p class=\"wp-block-paragraph\">Cuando observamos estos n\u00fameros, entendemos por qu\u00e9 la protecci\u00f3n solar dentro del veh\u00edculo deja de ser un tema de est\u00e9tica y se convierte en una decisi\u00f3n de bienestar y prevenci\u00f3n.<\/p>\n\n\n\n<h2 class=\"wp-block-heading\">Tu familia tambi\u00e9n est\u00e1 expuesta<\/h2>\n\n\n\n<p class=\"wp-block-paragraph\">La preocupaci\u00f3n no deber\u00eda limitarse \u00fanicamente al conductor.<\/p>\n\n\n\n<p class=\"wp-block-paragraph\">Ni\u00f1os, adultos mayores y acompa\u00f1antes habituales tambi\u00e9n est\u00e1n expuestos a la radiaci\u00f3n solar durante cada trayecto.<\/p>\n\n\n\n<p class=\"wp-block-paragraph\">Muchos padres toman medidas para proteger a sus hijos cuando est\u00e1n en parques o espacios abiertos, pero pocas veces consideran la exposici\u00f3n que ocurre dentro del autom\u00f3vil.<\/p>\n\n\n\n<p class=\"wp-block-paragraph\">Proteger el veh\u00edculo significa proteger a quienes viajan en \u00e9l.<\/p>\n\n\n\n<p class=\"wp-block-paragraph\">Por eso cada vez m\u00e1s familias buscan soluciones que les permitan convertir su carro en un espacio m\u00e1s seguro y confortable para todos.<\/p>\n\n\n\n<h2 class=\"wp-block-heading\">M\u00e1s que reducir el calor: crear un entorno protegido<\/h2>\n\n\n\n<p class=\"wp-block-paragraph\">Cuando las personas piensan en polarizados, normalmente asocian el servicio con privacidad o reducci\u00f3n del calor.<\/p>\n\n\n\n<p class=\"wp-block-paragraph\">Sin embargo, las tecnolog\u00edas modernas de protecci\u00f3n automotriz van mucho m\u00e1s all\u00e1.<\/p>\n\n\n\n<p class=\"wp-block-paragraph\">Las pel\u00edculas de alto desempe\u00f1o est\u00e1n dise\u00f1adas para ayudar a reducir significativamente la entrada de radiaci\u00f3n ultravioleta y disminuir el impacto t\u00e9rmico generado por el sol.<\/p>\n\n\n\n<p class=\"wp-block-paragraph\">El resultado no solo se percibe en la temperatura interior.<\/p>\n\n\n\n<p class=\"wp-block-paragraph\">Tambi\u00e9n se traduce en una experiencia de conducci\u00f3n m\u00e1s c\u00f3moda, mayor bienestar y una sensaci\u00f3n constante de protecci\u00f3n.<\/p>\n\n\n\n<h2 class=\"wp-block-heading\">La prevenci\u00f3n siempre cuesta menos que la correcci\u00f3n<\/h2>\n\n\n\n<p class=\"wp-block-paragraph\">Existe una frase que resume perfectamente este tema:<\/p>\n\n\n\n<p class=\"wp-block-paragraph\">&#8220;Lo que hoy ignoras, ma\u00f1ana puede convertirse en un problema.&#8221;<\/p>\n\n\n\n<p class=\"wp-block-paragraph\">Las personas m\u00e1s prevenidas entienden que proteger su salud no significa reaccionar ante una emergencia, sino anticiparse a los riesgos antes de que aparezcan.<\/p>\n\n\n\n<p class=\"wp-block-paragraph\">As\u00ed como usamos cintur\u00f3n de seguridad antes de un accidente o realizamos mantenimiento preventivo al veh\u00edculo antes de una aver\u00eda, protegernos de la exposici\u00f3n solar es una decisi\u00f3n inteligente orientada al futuro.<\/p>\n\n\n\n<h2 class=\"wp-block-heading\">Convierte tu veh\u00edculo en un espacio de protecci\u00f3n consciente<\/h2>\n\n\n\n<p class=\"wp-block-paragraph\">Tu veh\u00edculo puede ser mucho m\u00e1s que un medio de transporte.<\/p>\n\n\n\n<p class=\"wp-block-paragraph\">Puede convertirse en un espacio dise\u00f1ado para cuidar tu bienestar y el de quienes m\u00e1s amas.<\/p>\n\n\n\n<p class=\"wp-block-paragraph\">Cada trayecto representa una oportunidad para reducir riesgos invisibles y aumentar tu tranquilidad.<\/p>\n\n\n\n<p class=\"wp-block-paragraph\">Porque protegerse no es exagerar.<\/p>\n\n\n\n<p class=\"wp-block-paragraph\">Protegerse es cuidarse.<\/p>\n\n\n\n<p class=\"wp-block-paragraph\">\u00bfQuieres saber qu\u00e9 nivel de protecci\u00f3n tiene actualmente tu veh\u00edculo?<\/p>\n\n\n\n<p class=\"wp-block-paragraph\">En SEDCAR POLARIZADOS te asesoramos de manera personalizada para encontrar la soluci\u00f3n ideal seg\u00fan tu nivel de exposici\u00f3n solar, tipo de veh\u00edculo y necesidades espec\u00edficas.<\/p>\n\n\n\n<p class=\"wp-block-paragraph\">Cont\u00e1ctanos hoy y descubre c\u00f3mo transformar tu carro en un espacio m\u00e1s seguro, confortable y protegido para ti y tu familia.<\/p>\n\n\n\n<p class=\"wp-block-paragraph\"><\/p>\n","protected":false},"excerpt":{"rendered":"<p>El riesgo que muchos conductores ignoran todos los d\u00edas Cuando pensamos en los efectos del sol sobre nuestra piel, normalmente imaginamos una tarde en la playa, una caminata al aire libre o un d\u00eda de vacaciones. Sin embargo, existe un lugar donde miles de personas reciben radiaci\u00f3n solar durante horas cada semana sin ser plenamente [&hellip;]<\/p>\n","protected":false},"author":1,"featured_media":16997,"comment_status":"closed","ping_status":"closed","sticky":false,"template":"","format":"standard","meta":{"footnotes":""},"categories":[1],"tags":[],"class_list":["post-1","post","type-post","status-publish","format-standard","has-post-thumbnail","hentry","category-sin-categoria"],"_links":{"self":[{"href":"https:\/\/sedcarpolarizados.com\/index.php\/wp-json\/wp\/v2\/posts\/1","targetHints":{"allow":["GET"]}}],"collection":[{"href":"https:\/\/sedcarpolarizados.com\/index.php\/wp-json\/wp\/v2\/posts"}],"about":[{"href":"https:\/\/sedcarpolarizados.com\/index.php\/wp-json\/wp\/v2\/types\/post"}],"author":[{"embeddable":true,"href":"https:\/\/sedcarpolarizados.com\/index.php\/wp-json\/wp\/v2\/users\/1"}],"replies":[{"embeddable":true,"href":"https:\/\/sedcarpolarizados.com\/index.php\/wp-json\/wp\/v2\/comments?post=1"}],"version-history":[{"count":2,"href":"https:\/\/sedcarpolarizados.com\/index.php\/wp-json\/wp\/v2\/posts\/1\/revisions"}],"predecessor-version":[{"id":16998,"href":"https:\/\/sedcarpolarizados.com\/index.php\/wp-json\/wp\/v2\/posts\/1\/revisions\/16998"}],"wp:featuredmedia":[{"embeddable":true,"href":"https:\/\/sedcarpolarizados.com\/index.php\/wp-json\/wp\/v2\/media\/16997"}],"wp:attachment":[{"href":"https:\/\/sedcarpolarizados.com\/index.php\/wp-json\/wp\/v2\/media?parent=1"}],"wp:term":[{"taxonomy":"category","embeddable":true,"href":"https:\/\/sedcarpolarizados.com\/index.php\/wp-json\/wp\/v2\/categories?post=1"},{"taxonomy":"post_tag","embeddable":true,"href":"https:\/\/sedcarpolarizados.com\/index.php\/wp-json\/wp\/v2\/tags?post=1"}],"curies":[{"name":"wp","href":"https:\/\/api.w.org\/{rel}","templated":true}]}}